{"id":2806,"date":"2021-01-11T21:06:13","date_gmt":"2021-01-11T20:06:13","guid":{"rendered":"http:\/\/www.natali.nl\/remo\/?p=2806"},"modified":"2021-10-15T10:12:27","modified_gmt":"2021-10-15T08:12:27","slug":"meine-seele-hat-es-eilig","status":"publish","type":"post","link":"https:\/\/www.natali.nl\/remo\/meine-seele-hat-es-eilig\/","title":{"rendered":"Meine Seele hat es Eilig"},"content":{"rendered":"\n<p class=\"has-medium-font-size\"><em>Een paar jaar geleden werd deze tekst door Bango in onze groep geslingerd. Het voelde als door mij zelf geschreven, op dat moment, waarop ik ten volle besefte hoe waardevol <strong>mijntijd<\/strong> is. Ik heb Bango en de andere jongens in de groep meerdere keren naar de tekst gevraagd maar Bango nog de anderen konden zich de tekst achterhalen of herinneren. <\/em><\/p>\n\n\n\n<p>Vanavond wil ik een uurtje spinnen. Op de fiets scroll ik door mijn Facebook tijdlijn als de tekst in een keer voorbij komt rollen. Een enorme glimlach :) ik had hem dus zelf al eens weggeschreven. De tekst blijkt geschreven door <a rel=\"noreferrer noopener\" href=\"https:\/\/nl.wikipedia.org\/wiki\/M%C3%A1rio_de_Andrade\" target=\"_blank\">Mario de Andrade<\/a> en is vertaald vanuit het Spaans of Portugees. <\/p>\n\n\n\n<p>Ik twijfel aan de vertaling maar vind zo snel niets beters. Ik heb ook de originele tekst gevonden maar met vreemde interpunctie. Ik weet van beiden niet of het de oorspronkelijke tekst en interpunctie is. De laatste zin in de Duitse vertaling vind ik <strong>vreemd<\/strong>. Ik kan me niet voorstellen dat die klopt en het lijkt op een citaat van iemand anders. Daarom heb<em> <\/em>ik een Engelse zin toegevoegd die ik weer ergens anders vond en waarvan ik vermoed dat die gelijk is aan de slotzin in het origineel. Helaas is mijn Duits niet zo goed dat ik dit durf te vertalen. <\/p>\n\n\n\n<p class=\"has-background\" style=\"background-color:#e9d81c\">Ik baal maar neem vanavond geen tijd om het origineel te vinden. <\/p>\n\n\n\n<p>Ik voel goed mee maar kan me niet vinden in de haast van Andrade. Hij schrijft dat &#8216;hij geen tijd heeft&#8217;. Daar kan ik me nooit in vinden. Is het niet beter om te schrijven &#8216;dat ik geen tijd neem&#8217; of &#8216;dat ik geen tijd besteed aan&#8217; want tijd hebben we genoeg? Nee, niet voor alles maar om nou haast te hebben? Hmm. <\/p>\n\n\n\n<p>Meine Seele hat es eilig.<\/p>\n\n\n\n<p>Ich habe meine Jahre gez\u00e4hlt und festgestellt, dass ich weniger Zeit habe, zu leben, als ich bisher gelebt habe.<br>Ich f\u00fchle mich wie dieses Kind, das eine Schachtel Bonbons gewonnen hat: die ersten isst sie mit Vergn\u00fcgen, aber als es merkt, dass nur noch wenige \u00fcbrig sind, begann es, sie wirklich zu genie\u00dfen.<br>Ich habe keine Zeit f\u00fcr endlose Konferenzen, bei denen die Statuten, Regeln, Verfahren und internen Vorschriften besprochen werden, in dem Wissen, dass nichts erreicht wird.<br>Ich habe keine Zeit mehr, absurde Menschen zu ertragen, die ungeachtet ihres Alters nicht gewachsen sind.<br>Ich habe keine Zeit mehr, mit Mittelm\u00e4\u00dfigkeiten zu k\u00e4mpfen.<br>Ich will nicht in Besprechungen sein, in denen aufgeblasene Egos aufmarschieren.<br>Ich vertrage keine Manipulierer und Opportunisten.<br>Mich st\u00f6ren die Neider, die versuchen, F\u00e4higere in Verruf zu bringen, um sich ihrer Positionen, Talente und Erfolge zu bem\u00e4chtigen.<br>Meine Zeit ist zu kurz um \u00dcberschriften zu diskutieren. Ich will das Wesentliche, denn meine Seele ist in Eile. Ohne viele S\u00fcssigkeiten in der Packung.<\/p>\n\n\n\n<p>Ich m\u00f6chte mit Menschen leben, die sehr menschlich sind.<br>Menschen, die \u00fcber ihre Fehler lachen k\u00f6nnen, die sich nichts auf ihre Erfolge einbilden.<br>Die sich nicht vorzeitig berufen f\u00fchlen und die nicht vor ihrer Verantwortung fliehen.<br>Die die menschliche W\u00fcrde verteidigen und die nur an der Seite der Wahrheit und Rechtschaffenheit gehen m\u00f6chten.<br>Es ist das, was das Leben lebenswert macht.<br>Ich m\u00f6chte mich mit Menschen umgeben, die es verstehen, die Herzen anderer zu ber\u00fchren.<br>Menschen, die durch die harten Schl\u00e4ge des Lebens lernten, durch sanfte Ber\u00fchrungen der Seele zu wachsen.<\/p>\n\n\n\n<p>Ja, ich habe es eilig, ich habe es eilig, mit der Intensit\u00e4t zu leben, die nur die Reife geben kann.<br>Ich versuche, keine der S\u00fc\u00dfigkeiten, die mir noch bleiben, zu verschwenden.<br>Ich bin mir sicher, dass sie k\u00f6stlicher sein werden, als die, die ich bereits gegessen habe.<br>Mein Ziel ist es, das Ende zufrieden zu erreichen, in Frieden mit mir, meinen Lieben und meinem Gewissen.<br>Wir haben zwei Leben und das zweite beginnt, wenn du erkennst, dass du nur eins hast.<\/p>\n\n\n\n<p>&#8212;&#8212;&#8212;&#8212;&#8212;&#8212;&#8211;<\/p>\n\n\n\n<p>I hope that your goal is the same,<br>because either way you will get there too.<\/p>\n\n\n\n<p>&#8212;&#8212;&#8212;&#8212;&#8212;&#8212;&#8212;<\/p>\n\n\n\n<p>Cont\u00e9 mis a\u00f1os y descubr\u00ed, que tengo menos tiempo para vivir de aqu\u00ed en adelante, que el que viv\u00ed hasta ahora\u2026<br>Me siento como aquel chico que gan\u00f3 un paquete de golosinas: las primeras las comi\u00f3 con agrado, pero, cuando percibi\u00f3 que quedaban pocas, comenz\u00f3 a saborearlas profundamente.<br>Ya no tengo tiempo para reuniones interminables, donde se discuten estatutos, normas, procedimientos y reglamentos internos, sabiendo que no se va a lograr nada.<br>Ya no tengo tiempo para soportar absurdas personas que, a pesar de su edad cronol\u00f3gica, no han crecido.<br>Ya no tengo tiempo para lidiar con mediocridades.<br>No quiero estar en reuniones donde desfilan egos inflados.<br>No tolero a maniobreros y ventajeros.<br>Me molestan los envidiosos, que tratan de desacreditar a los m\u00e1s capaces, para apropiarse de sus lugares, talentos y logros.<br>Detesto, si soy testigo, de los defectos que genera la lucha por un majestuoso cargo.<br>Las personas no discuten contenidos, apenas los t\u00edtulos.<br>Mi tiempo es escaso como para discutir t\u00edtulos.<\/p>\n\n\n\n<p>Quiero la esencia, mi alma tiene prisa \u2026<br>Sin muchas golosinas en el paquete \u2026<br>Quiero vivir al lado de gente humana, muy humana.<br>Que sepa re\u00edr, de sus errores.<br>Que no se envanezca, con sus triunfos.<br>Que no se considere electa, antes de hora.<br>Que no huya, de sus responsabilidades.<br>Que defienda, la dignidad humana.<br>Y que desee tan s\u00f3lo andar del lado de la verdad y la honradez.<br>Lo esencial es lo que hace que la vida valga la pena.<br>Quiero rodearme de gente, que sepa tocar el coraz\u00f3n de las personas \u2026<br>Gente a quien los golpes duros de la vida, le ense\u00f1\u00f3 a crecer con toques suaves en el alma.<\/p>\n\n\n\n<p>S\u00ed \u2026 tengo prisa \u2026 por vivir con la intensidad que s\u00f3lo la madurez puede dar.<br>Pretendo no desperdiciar parte alguna de las golosinas que me quedan \u2026<br>Estoy seguro que ser\u00e1n m\u00e1s exquisitas que las que hasta ahora he comido.<br>Mi meta es llegar al final satisfecho y en paz con mis seres queridos y con mi conciencia.<br>Espero que la tuya sea la misma, porque de cualquier manera llegar\u00e1s \u2026<\/p>\n","protected":false},"excerpt":{"rendered":"<p>Een paar jaar geleden werd deze tekst door Bango in onze groep geslingerd. Het voelde als door mij zelf geschreven,<\/p>\n","protected":false},"author":1,"featured_media":2810,"comment_status":"closed","ping_status":"closed","sticky":false,"template":"","format":"standard","meta":{"footnotes":""},"categories":[1],"tags":[],"class_list":["post-2806","post","type-post","status-publish","format-standard","has-post-thumbnail","hentry","category-gedachten","comments-off"],"_links":{"self":[{"href":"https:\/\/www.natali.nl\/remo\/wp-json\/wp\/v2\/posts\/2806","targetHints":{"allow":["GET"]}}],"collection":[{"href":"https:\/\/www.natali.nl\/remo\/wp-json\/wp\/v2\/posts"}],"about":[{"href":"https:\/\/www.natali.nl\/remo\/wp-json\/wp\/v2\/types\/post"}],"author":[{"embeddable":true,"href":"https:\/\/www.natali.nl\/remo\/wp-json\/wp\/v2\/users\/1"}],"replies":[{"embeddable":true,"href":"https:\/\/www.natali.nl\/remo\/wp-json\/wp\/v2\/comments?post=2806"}],"version-history":[{"count":14,"href":"https:\/\/www.natali.nl\/remo\/wp-json\/wp\/v2\/posts\/2806\/revisions"}],"predecessor-version":[{"id":4501,"href":"https:\/\/www.natali.nl\/remo\/wp-json\/wp\/v2\/posts\/2806\/revisions\/4501"}],"wp:featuredmedia":[{"embeddable":true,"href":"https:\/\/www.natali.nl\/remo\/wp-json\/wp\/v2\/media\/2810"}],"wp:attachment":[{"href":"https:\/\/www.natali.nl\/remo\/wp-json\/wp\/v2\/media?parent=2806"}],"wp:term":[{"taxonomy":"category","embeddable":true,"href":"https:\/\/www.natali.nl\/remo\/wp-json\/wp\/v2\/categories?post=2806"},{"taxonomy":"post_tag","embeddable":true,"href":"https:\/\/www.natali.nl\/remo\/wp-json\/wp\/v2\/tags?post=2806"}],"curies":[{"name":"wp","href":"https:\/\/api.w.org\/{rel}","templated":true}]}}