{"id":2959,"date":"2021-01-23T16:12:28","date_gmt":"2021-01-23T15:12:28","guid":{"rendered":"http:\/\/www.natali.nl\/remo\/?p=2959"},"modified":"2021-01-23T16:42:58","modified_gmt":"2021-01-23T15:42:58","slug":"wie-heeft-het-recht","status":"publish","type":"post","link":"https:\/\/www.natali.nl\/remo\/wie-heeft-het-recht\/","title":{"rendered":"Wie heeft het recht?"},"content":{"rendered":"\n<p>Vandaag is in Nederland als een van de laatste landen in Europa de avondklok ingesteld en geldt een algemeen uitgaansverbod; de regel die mij verbiedt om na 21 uur zonder geldige reden mijn woning te verlaten. Nu kan ik als ZZP&#8217;er heel gemakkelijk om deze regel heen door fictieve bedrijfsactiviteiten op te voeren, diverse overheidsformulieren in te vullen en zo de regels te buigen maar dat doe ik vandaag dus niet. Ik wil de vrijheid hebben om te bewegen zoals ik dat wil, richting noord, zuid, oost of west en zo lang en wanneer ik daar maar zin in heb. Ik heb het recht om mij vrij te bewegen. Dit recht wordt nu geschonden. <\/p>\n\n\n\n<ol class=\"wp-block-list\"><li>Vrij verkeer van personen volgens de UN &#8211; <a rel=\"noreferrer noopener\" href=\"https:\/\/www.un.org\/en\/universal-declaration-human-rights\/\" target=\"_blank\">artikel 13<\/a><\/li><li>Vrij <a href=\"https:\/\/www.europarl.europa.eu\/factsheets\/nl\/sheet\/147\/vrij-verkeer-van-personen#:~:text=In%20het%20Verdrag%20van%20Maastricht,het%20grondgebied%20van%20de%20lidstaten.\" target=\"_blank\" rel=\"noreferrer noopener\">verkeer van personen<\/a> volgens de EU<\/li><\/ol>\n\n\n\n<p>Wie heeft het recht?<\/p>\n\n\n\n<figure class=\"wp-block-embed is-type-video is-provider-youtube wp-block-embed-youtube wp-embed-aspect-4-3 wp-has-aspect-ratio\"><div class=\"wp-block-embed__wrapper\">\n<iframe loading=\"lazy\" title=\"Patrick Bruel - Qui a le droit... (Bruel Tour en France 1990-91)\" width=\"910\" height=\"683\" src=\"https:\/\/www.youtube.com\/embed\/JNp3trPgdZE?feature=oembed\" frameborder=\"0\" allow=\"accelerometer; autoplay; clipboard-write; encrypted-media; gyroscope; picture-in-picture\" allowfullscreen><\/iframe>\n<\/div><\/figure>\n\n\n\n<p>Wie heeft het recht om te bepalen over mijn beweging?<\/p>\n\n\n\n<p>On m&#8217;avait dit &#8220;te pose pas trop de questions&#8221;<br>Tu sais petit, c&#8217;est la vie qui te r\u00e9pond<br>\u00c0 quoi \u00e7a sert de vouloir tout savoir?<br>Regarde en l&#8217;air et vois ce que tu peux voir<\/p>\n\n\n\n<p>On m&#8217;avait dit &#8220;faut \u00e9couter son p\u00e8re&#8221;<br>Le mien a rien dit, quand il s&#8217;est fait la paire<br>Maman m&#8217;a dit &#8220;t&#8217;es trop p&#8217;tit pour comprendre&#8221;<br>Et j&#8217;ai grandi avec une place \u00e0 prendre<\/p>\n\n\n\n<p>Qui a le droit, qui a le droit<br>Qui a le droit d&#8217;faire \u00e7a<br>\u00c0 un enfant qui croit vraiment<br>C&#8217;que disent les grands?<\/p>\n\n\n\n<p>On passe sa vie \u00e0 dire merci<br>Merci \u00e0 qui, \u00e0 quoi?<br>\u00c0 faire la pluie et le beau temps<br>Pour des enfants \u00e0 qui l&#8217;on ment<\/p>\n\n\n\n<p>On m&#8217;avait dit que les hommes sont tous pareils<br>Y&#8217;a plusieurs dieux, mais y&#8217;a qu&#8217;un seul soleil<br>Oui mais, l&#8217;soleil il brille ou bien il br\u00fble<br>Tu meurs de soif ou bien tu bois des bulles<\/p>\n\n\n\n<p>\u00c0 toi aussi, j&#8217;suis s\u00fbr qu&#8217;on t&#8217;en a dit<br>De belles histoires, tu parles, que des conneries<br>Alors maintenant, on s&#8217;retrouve sur la route<br>Avec nos peurs, nos angoisses et nos doutes<\/p>\n\n\n\n<p>Qui a le droit, qui a le droit<br>Qui a le droit d&#8217;faire \u00e7a<br>\u00c0 un enfant qui croit vraiment<br>C&#8217;que disent les grands?<\/p>\n\n\n\n<p>On passe sa vie \u00e0 dire merci<br>Merci \u00e0 qui, \u00e0 quoi?<br>\u00c0 faire la pluie et le beau temps<br>Pour des enfants \u00e0 qui l&#8217;on ment<\/p>\n\n\n\n<p>Qui a le droit, qui a le droit<br>Qui a le droit d&#8217;faire \u00e7a<br>\u00c0 un enfant qui croit vraiment<br>C&#8217;que disent les grands?<\/p>\n\n\n\n<p>On passe sa vie \u00e0 dire merci<br>Merci \u00e0 qui, \u00e0 quoi?<br>\u00c0 faire la pluie et le beau temps<br><strong>Pour des enfants \u00e0 qui l&#8217;on ment<\/strong><\/p>\n","protected":false},"excerpt":{"rendered":"<p>Vandaag is in Nederland als een van de laatste landen in Europa de avondklok ingesteld en geldt een algemeen uitgaansverbod;<\/p>\n","protected":false},"author":1,"featured_media":0,"comment_status":"closed","ping_status":"closed","sticky":false,"template":"","format":"standard","meta":{"footnotes":""},"categories":[1],"tags":[],"class_list":["post-2959","post","type-post","status-publish","format-standard","hentry","category-gedachten","comments-off"],"_links":{"self":[{"href":"https:\/\/www.natali.nl\/remo\/wp-json\/wp\/v2\/posts\/2959","targetHints":{"allow":["GET"]}}],"collection":[{"href":"https:\/\/www.natali.nl\/remo\/wp-json\/wp\/v2\/posts"}],"about":[{"href":"https:\/\/www.natali.nl\/remo\/wp-json\/wp\/v2\/types\/post"}],"author":[{"embeddable":true,"href":"https:\/\/www.natali.nl\/remo\/wp-json\/wp\/v2\/users\/1"}],"replies":[{"embeddable":true,"href":"https:\/\/www.natali.nl\/remo\/wp-json\/wp\/v2\/comments?post=2959"}],"version-history":[{"count":5,"href":"https:\/\/www.natali.nl\/remo\/wp-json\/wp\/v2\/posts\/2959\/revisions"}],"predecessor-version":[{"id":2964,"href":"https:\/\/www.natali.nl\/remo\/wp-json\/wp\/v2\/posts\/2959\/revisions\/2964"}],"wp:attachment":[{"href":"https:\/\/www.natali.nl\/remo\/wp-json\/wp\/v2\/media?parent=2959"}],"wp:term":[{"taxonomy":"category","embeddable":true,"href":"https:\/\/www.natali.nl\/remo\/wp-json\/wp\/v2\/categories?post=2959"},{"taxonomy":"post_tag","embeddable":true,"href":"https:\/\/www.natali.nl\/remo\/wp-json\/wp\/v2\/tags?post=2959"}],"curies":[{"name":"wp","href":"https:\/\/api.w.org\/{rel}","templated":true}]}}