{"id":6255,"date":"2023-01-16T11:30:20","date_gmt":"2023-01-16T10:30:20","guid":{"rendered":"http:\/\/www.natali.nl\/remo\/?p=6255"},"modified":"2023-01-16T13:21:07","modified_gmt":"2023-01-16T12:21:07","slug":"verrassend","status":"publish","type":"post","link":"https:\/\/www.natali.nl\/remo\/verrassend\/","title":{"rendered":"Verrassend"},"content":{"rendered":"\n<p class=\"has-medium-font-size\"><em>Als ik Petra op het vliegveld in Athene achter laat reis ik zwaar bepakt de stad in. Ik vind een goedkoop hostel en maak kennis met roommate Egor &#8211; where are you &#8211; from Russia. Meteen een klik. Hij stelt voor samen te gaan eten. Een heel bijzondere man, vol levenenergie, super direct en directief. De eerst rus die ik spreek, in <a href=\"http:\/\/www.natali.nl\/remo\/mijntijd\/\" target=\"_blank\" rel=\"noreferrer noopener\">mijntijd<\/a>. <\/em><\/p>\n\n\n\n<p>Inmiddels is het chaos in Oost-Europa. We horen er weinig van. Het blijft angstvallig stil. Twee van mijn favoriete nummers beschrijven mijn gevoelens. <a rel=\"noreferrer noopener\" href=\"https:\/\/www.youtube.com\/watch?v=JNp3trPgdZE\" target=\"_blank\">Qui a le Droit<\/a> van Bruell en <a rel=\"noreferrer noopener\" href=\"https:\/\/youtu.be\/FyZI-VaVg2g?t=15\" target=\"_blank\">The Queen and the Soldier<\/a> van Susan Vega. Twee verhalen. Het eerste gaat over <strong>liegende ouders<\/strong> en Susan Vega bezingt een <strong>foute koningin<\/strong>. Foute leiders en gemakzuchtige ouders zijn voor mij de oorzaak van ellende op deze aarde.<\/p>\n\n\n\n<p>Maria Th\u00e9r\u00e8se Ter Haar beschrijft haar ervaringen als inwoner van Rusland en Oekra\u00efne in deze 2e lezing. &#8220;Wat een gemiste kans.&#8221; Ik zou het zelf niet anders noemen. <\/p>\n\n\n\n<figure class=\"wp-block-embed is-type-wp-embed is-provider-cafe-weltschmerz wp-block-embed-cafe-weltschmerz\"><div class=\"wp-block-embed__wrapper\">\n<blockquote class=\"wp-embedded-content\" data-secret=\"pL3j49JtFH\"><a href=\"https:\/\/cafeweltschmerz.nl\/videos\/rusland-en-oekraine-horen-bij-europa-marie-therese-ter-haar-lezing-2\/\">&#8220;Rusland \u00e9n Oekra\u00efne horen bij Europa&#8221; &#8211; Marie-Th\u00e9r\u00e8se ter Haar (lezing #2)<\/a><\/blockquote><iframe loading=\"lazy\" class=\"wp-embedded-content\" sandbox=\"allow-scripts\" security=\"restricted\" style=\"position: absolute; clip: rect(1px, 1px, 1px, 1px);\" title=\"&#8220;&#8220;Rusland \u00e9n Oekra\u00efne horen bij Europa&#8221; &#8211; Marie-Th\u00e9r\u00e8se ter Haar (lezing #2)&#8221; &#8212; Caf\u00e9 Weltschmerz\" src=\"https:\/\/cafeweltschmerz.nl\/videos\/rusland-en-oekraine-horen-bij-europa-marie-therese-ter-haar-lezing-2\/embed\/#?secret=QOxmECj6dz#?secret=pL3j49JtFH\" data-secret=\"pL3j49JtFH\" width=\"600\" height=\"338\" frameborder=\"0\" marginwidth=\"0\" marginheight=\"0\" scrolling=\"no\"><\/iframe>\n<\/div><\/figure>\n\n\n\n<p>Iedereen kent &#8216;verdeel en heers!&#8217; Het is een door regeringen gevoerde strategie om zichzelf &#8211; schaamteloos en over lijken &#8211; onvoorstelbaar te verrijken, in verre landen. Is ook Europa dat verre land en vandaag niet meer dan een kolonie van die fckng US of A? Dat is de vraag die ook ik durf te stellen!<\/p>\n\n\n\n<p>Egor bel en ping ik, zo nu en dan. Ik vraag hoe het met hem is. Hij spreekt zich uit over de leider in zijn land. Hij wil reizen, hij wil mengen, hij houdt van zijn mensen in Oekra\u00efne.<\/p>\n\n\n\n<h2 class=\"wp-block-heading\">Is Corona een vloek \u00f3f een zegen?<\/h2>\n\n\n\n<p>Door corona ben ik gaan zien waar onze leiders voor gaan. Ik kan en zal elk nieuw verhaal niet voor zoete koek slikken. Bevraag alles: &#8216;Is dat zo?&#8217; <\/p>\n\n\n\n<p>Vanuit de taal betekent het &#8216;kroon&#8217;. Ook de zon is een corona toegekend. Hij is voor het oog onzichtbaar door het teveel aan licht. Het is de buitenste krans waarin de temperatuur veel hoger is dan in de zon zelf. <strong>Verrassend<\/strong>! Corona was ook verrassend. Wij leven volgens de Paus in het jaar 2023 na Christus; 2023 NC. Ik pleit voor een herdefinitie van de afkortingen VC\/NC naar Voor Corona en Na Corona. Voor mij is het, vandaag: 15 januari, 3 NC; ik schrijf, het op, onder mijn systeemplafond.<\/p>\n\n\n\n<p>Egor woont in Vladivostok, het uiterste puntje van Rusland, verder weg lijkt haast niet mogelijk, 8.245,05 km van mij vandaan. Ik baal voor ons, allemaal. <\/p>\n\n\n\n<figure class=\"wp-block-gallery has-nested-images columns-default is-cropped wp-block-gallery-1 is-layout-flex wp-block-gallery-is-layout-flex\">\n<figure class=\"wp-block-image size-large\"><img loading=\"lazy\" decoding=\"async\" width=\"939\" height=\"944\" data-id=\"6256\" src=\"http:\/\/www.natali.nl\/remo\/wp-content\/uploads\/2023\/01\/0e59e705-8348-4d5c-b15b-d52b52b5ce7b.jpg\" alt=\"\" class=\"wp-image-6256\" srcset=\"https:\/\/www.natali.nl\/remo\/wp-content\/uploads\/2023\/01\/0e59e705-8348-4d5c-b15b-d52b52b5ce7b.jpg 939w, https:\/\/www.natali.nl\/remo\/wp-content\/uploads\/2023\/01\/0e59e705-8348-4d5c-b15b-d52b52b5ce7b-298x300.jpg 298w, https:\/\/www.natali.nl\/remo\/wp-content\/uploads\/2023\/01\/0e59e705-8348-4d5c-b15b-d52b52b5ce7b-150x150.jpg 150w, https:\/\/www.natali.nl\/remo\/wp-content\/uploads\/2023\/01\/0e59e705-8348-4d5c-b15b-d52b52b5ce7b-768x772.jpg 768w\" sizes=\"auto, (max-width: 939px) 100vw, 939px\" \/><\/figure>\n\n\n\n<figure class=\"wp-block-image size-large\"><img loading=\"lazy\" decoding=\"async\" width=\"958\" height=\"931\" data-id=\"6259\" src=\"http:\/\/www.natali.nl\/remo\/wp-content\/uploads\/2023\/01\/473c6c37-48d6-444d-907f-7e2662ef0084.jpg\" alt=\"\" class=\"wp-image-6259\" srcset=\"https:\/\/www.natali.nl\/remo\/wp-content\/uploads\/2023\/01\/473c6c37-48d6-444d-907f-7e2662ef0084.jpg 958w, https:\/\/www.natali.nl\/remo\/wp-content\/uploads\/2023\/01\/473c6c37-48d6-444d-907f-7e2662ef0084-300x292.jpg 300w, https:\/\/www.natali.nl\/remo\/wp-content\/uploads\/2023\/01\/473c6c37-48d6-444d-907f-7e2662ef0084-768x746.jpg 768w\" sizes=\"auto, (max-width: 958px) 100vw, 958px\" \/><\/figure>\n\n\n\n<figure class=\"wp-block-image size-large\"><img loading=\"lazy\" decoding=\"async\" width=\"962\" height=\"997\" data-id=\"6258\" src=\"http:\/\/www.natali.nl\/remo\/wp-content\/uploads\/2023\/01\/547ebeea-1c82-4ea7-b084-a41e9c894e64.jpg\" alt=\"\" class=\"wp-image-6258\" srcset=\"https:\/\/www.natali.nl\/remo\/wp-content\/uploads\/2023\/01\/547ebeea-1c82-4ea7-b084-a41e9c894e64.jpg 962w, https:\/\/www.natali.nl\/remo\/wp-content\/uploads\/2023\/01\/547ebeea-1c82-4ea7-b084-a41e9c894e64-289x300.jpg 289w, https:\/\/www.natali.nl\/remo\/wp-content\/uploads\/2023\/01\/547ebeea-1c82-4ea7-b084-a41e9c894e64-768x796.jpg 768w\" sizes=\"auto, (max-width: 962px) 100vw, 962px\" \/><\/figure>\n\n\n\n<figure class=\"wp-block-image size-large\"><img loading=\"lazy\" decoding=\"async\" width=\"1024\" height=\"689\" data-id=\"6257\" src=\"http:\/\/www.natali.nl\/remo\/wp-content\/uploads\/2023\/01\/e9abcdf2-647e-4427-bfb4-a3aeec2afbee-1024x689.jpg\" alt=\"\" class=\"wp-image-6257\" srcset=\"https:\/\/www.natali.nl\/remo\/wp-content\/uploads\/2023\/01\/e9abcdf2-647e-4427-bfb4-a3aeec2afbee-1024x689.jpg 1024w, https:\/\/www.natali.nl\/remo\/wp-content\/uploads\/2023\/01\/e9abcdf2-647e-4427-bfb4-a3aeec2afbee-300x202.jpg 300w, https:\/\/www.natali.nl\/remo\/wp-content\/uploads\/2023\/01\/e9abcdf2-647e-4427-bfb4-a3aeec2afbee-768x517.jpg 768w, https:\/\/www.natali.nl\/remo\/wp-content\/uploads\/2023\/01\/e9abcdf2-647e-4427-bfb4-a3aeec2afbee.jpg 1273w\" sizes=\"auto, (max-width: 1024px) 100vw, 1024px\" \/><\/figure>\n<\/figure>\n\n\n\n<p>Wat lijkt het ver weg, mijn <a href=\"http:\/\/www.natali.nl\/remo\/tour-de-ce\/\" data-type=\"page\" data-id=\"4230\">Tour d&#8217;Europe<\/a>. Een mooie lange reis waarin ik heb genoten en veel nieuwe mensen heb leren kennen en gesproken, stuk voor stuk, geremd door regeringen en overheden. Ik heb slechts een overheid en dat ben ik zelf. <\/p>\n\n\n\n<p class=\"has-highlight-background-color has-background has-medium-font-size\"><em>Critical thinking without hope is cynicism. Hope without critical thinking is na\u00efvet\u00e9.<\/em><br><a href=\"https:\/\/www.themarginalian.org\/2015\/02\/09\/hope-cynicism\/\" target=\"_blank\" rel=\"noreferrer noopener\">Maria Popova<\/a><\/p>\n\n\n\n<p>Natuurlijk is er hoop en meer dan genoeg schoonheid om ons heen!<\/p>\n","protected":false},"excerpt":{"rendered":"<p>Als ik Petra op het vliegveld in Athene achter laat reis ik zwaar bepakt de stad in. Ik vind een<\/p>\n","protected":false},"author":1,"featured_media":6256,"comment_status":"closed","ping_status":"closed","sticky":false,"template":"","format":"standard","meta":{"footnotes":""},"categories":[1],"tags":[],"class_list":["post-6255","post","type-post","status-publish","format-standard","has-post-thumbnail","hentry","category-gedachten","comments-off"],"_links":{"self":[{"href":"https:\/\/www.natali.nl\/remo\/wp-json\/wp\/v2\/posts\/6255","targetHints":{"allow":["GET"]}}],"collection":[{"href":"https:\/\/www.natali.nl\/remo\/wp-json\/wp\/v2\/posts"}],"about":[{"href":"https:\/\/www.natali.nl\/remo\/wp-json\/wp\/v2\/types\/post"}],"author":[{"embeddable":true,"href":"https:\/\/www.natali.nl\/remo\/wp-json\/wp\/v2\/users\/1"}],"replies":[{"embeddable":true,"href":"https:\/\/www.natali.nl\/remo\/wp-json\/wp\/v2\/comments?post=6255"}],"version-history":[{"count":17,"href":"https:\/\/www.natali.nl\/remo\/wp-json\/wp\/v2\/posts\/6255\/revisions"}],"predecessor-version":[{"id":6279,"href":"https:\/\/www.natali.nl\/remo\/wp-json\/wp\/v2\/posts\/6255\/revisions\/6279"}],"wp:featuredmedia":[{"embeddable":true,"href":"https:\/\/www.natali.nl\/remo\/wp-json\/wp\/v2\/media\/6256"}],"wp:attachment":[{"href":"https:\/\/www.natali.nl\/remo\/wp-json\/wp\/v2\/media?parent=6255"}],"wp:term":[{"taxonomy":"category","embeddable":true,"href":"https:\/\/www.natali.nl\/remo\/wp-json\/wp\/v2\/categories?post=6255"},{"taxonomy":"post_tag","embeddable":true,"href":"https:\/\/www.natali.nl\/remo\/wp-json\/wp\/v2\/tags?post=6255"}],"curies":[{"name":"wp","href":"https:\/\/api.w.org\/{rel}","templated":true}]}}